{"id":420,"date":"2026-04-09T09:44:03","date_gmt":"2026-04-09T12:44:03","guid":{"rendered":"https:\/\/www.ibac.com.ar\/blog\/?p=420"},"modified":"2026-04-09T09:44:06","modified_gmt":"2026-04-09T12:44:06","slug":"abril-2026-comercio-exterior-argentino-en-modo-turbulencia","status":"publish","type":"post","link":"https:\/\/www.ibac.com.ar\/blog\/abril-2026-comercio-exterior-argentino-en-modo-turbulencia\/","title":{"rendered":"Abril 2026: COMERCIO EXTERIOR ARGENTINO en modo TURBULENCIA"},"content":{"rendered":"\n<p class=\"has-medium-font-size\">Las exportaciones arrancan fuertes. Las importaciones caen. El super\u00e1vit se mantiene. Todo bien en el papel&#8230; pero el contexto global COMPLICADO.<\/p>\n\n\n\n<p><br><strong>Importaciones:<\/strong><br>En el primer bimestre las importaciones mostraron una ca\u00edda interanual del 11,9%. Las cantidades importadas bajaron un 14%, mientras que los precios subieron un 2,4%.<br>El n\u00famero del INDEC confirma lo que muchas PyMEs sienten: se importa menos porque se vende menos. Stock acumulado, demanda interna frenada, inversi\u00f3n paralizada. Las empresas que importan insumos o productos terminados lo est\u00e1n viviendo \u2014 no es percepci\u00f3n, es dato. Las ca\u00eddas m\u00e1s fuertes se vieron en piezas y accesorios para bienes de capital, con una baja del 33,8%. Las PyMEs no est\u00e1n invirtiendo, y eso se ve.<br>Lo que s\u00ed creci\u00f3: veh\u00edculos el\u00e9ctricos y smartphones lideraron las subas. El consumo de quien puede, tira para arriba igual.<\/p>\n\n\n\n<p><br><strong>Exportaciones:<\/strong><br>Ac\u00e1 el n\u00famero es bueno. Las exportaciones del bimestre mostraron un crecimiento del 9,6% interanual, impulsado tanto por mayores cantidades como por mejores precios.<br>Las proyecciones apuntan a que 2026 podr\u00eda ser \u00abel a\u00f1o exportador\u00bb . Los actores son conocidos: agro, Vaca Muerta y miner\u00eda.<br><\/p>\n\n\n\n<p>Pero hay dos llamados de atenci\u00f3n que no se pueden ignorar:<br><strong><mark style=\"background-color:rgba(0, 0, 0, 0)\" class=\"has-inline-color has-vivid-cyan-blue-color\">Se\u00f1al de alerta \u00abSENASA\u00bb<\/mark><\/strong><br>China suspendi\u00f3 las importaciones de un frigor\u00edfico argentino por presencia de un antibi\u00f3tico prohibido, y Bulgaria rechaz\u00f3 un cargamento de semillas de girasol por niveles prohibidos de agroqu\u00edmicos. En paralelo, el SENASA pas\u00f3 de cerca de 6.000 trabajadores al inicio de la gesti\u00f3n Milei a menos de 4.900 hoy, con renuncias diarias de t\u00e9cnicos y veterinarios.<br>\u00bfLos rechazos son consecuencia directa de ese \u00e9xodo? El gobierno dice que el caso del frigor\u00edfico podr\u00eda ser un falso positivo. Lo que s\u00ed es un hecho: dos mercados clave devolvieron mercader\u00eda argentina en el mismo mes.<br>La \u00abmarca Argentina\u00bb en calidad agroalimentaria nos cost\u00f3 d\u00e9cadas construir. No conviene subestimarla.<br><mark style=\"background-color:rgba(0, 0, 0, 0)\" class=\"has-inline-color has-vivid-cyan-blue-color\"><strong>El l\u00edo arancelario con EEUU:<\/strong><\/mark><br>Argentina hab\u00eda conseguido en 2025 un arancel del 10% &#8211; ventaja real frente a Brasil. En febrero la Corte Suprema de EEUU anul\u00f3 el esquema arancelario de Trump por inconstitucional, y Trump respondi\u00f3 el mismo d\u00eda imponiendo un arancel global del 15% para todos los pa\u00edses.<br>Resultado: la ventaja relativa que hab\u00edamos negociado se diluy\u00f3. Ya no somos \u00ablos privilegiados\u00bb frente a nuestros competidores.<br><\/p>\n\n\n\n<p><strong>Mi lectura:<\/strong><br>El super\u00e1vit comercial est\u00e1 s\u00f3lido y las proyecciones exportadoras son hist\u00f3ricas. Importar est\u00e1 bastante m\u00e1s complicado y se debe tener mucha atenci\u00f3n en requerimientos y costos.<br>Los escenarios cambian de un mes al otro: controles sanitarios, costos, normas. Las empresas que van a surfear bien este a\u00f1o son las que cuentan con claridad operativa y acompa\u00f1amiento t\u00e9cnico. Las que improvisan van a pagar el costo.<br>\u00bfTu empresa importa o exporta? Contame en los comentarios c\u00f3mo lo est\u00e1s viviendo.<br><\/p>\n\n\n\n<p>www.ibac.com.ar<\/p>\n","protected":false},"excerpt":{"rendered":"<p>Las exportaciones arrancan fuertes. Las importaciones caen. El super\u00e1vit se mantiene. Todo bien en el papel&#8230; pero el contexto global COMPLICADO. Importaciones:En el primer bimestre las importaciones mostraron una ca\u00edda interanual del 11,9%. Las cantidades importadas bajaron un 14%, mientras que los precios subieron un 2,4%.El n\u00famero del INDEC confirma lo que muchas PyMEs sienten: [&hellip;]<\/p>\n","protected":false},"author":1,"featured_media":421,"comment_status":"closed","ping_status":"open","sticky":false,"template":"","format":"standard","meta":{"_et_pb_use_builder":"off","_et_pb_old_content":"","_et_gb_content_width":"","footnotes":""},"categories":[65,64,32,70,43,30,6,61,5,62,8,7,60,9],"tags":[22,46,21,38,20,13,16],"class_list":["post-420","post","type-post","status-publish","format-standard","has-post-thumbnail","hentry","category-argentina","category-china","category-comex","category-desregulacion","category-economia","category-empresas","category-exportacion","category-fletes","category-importacion","category-inflacion","category-legislacioninternacional","category-legislacionacional","category-mercosur","category-pymes","tag-comercio-exterior","tag-comercio-internacional","tag-comex","tag-exportaciones","tag-importacion","tag-profesionalizacion","tag-pymes"],"_links":{"self":[{"href":"https:\/\/www.ibac.com.ar\/blog\/wp-json\/wp\/v2\/posts\/420","targetHints":{"allow":["GET"]}}],"collection":[{"href":"https:\/\/www.ibac.com.ar\/blog\/wp-json\/wp\/v2\/posts"}],"about":[{"href":"https:\/\/www.ibac.com.ar\/blog\/wp-json\/wp\/v2\/types\/post"}],"author":[{"embeddable":true,"href":"https:\/\/www.ibac.com.ar\/blog\/wp-json\/wp\/v2\/users\/1"}],"replies":[{"embeddable":true,"href":"https:\/\/www.ibac.com.ar\/blog\/wp-json\/wp\/v2\/comments?post=420"}],"version-history":[{"count":1,"href":"https:\/\/www.ibac.com.ar\/blog\/wp-json\/wp\/v2\/posts\/420\/revisions"}],"predecessor-version":[{"id":422,"href":"https:\/\/www.ibac.com.ar\/blog\/wp-json\/wp\/v2\/posts\/420\/revisions\/422"}],"wp:featuredmedia":[{"embeddable":true,"href":"https:\/\/www.ibac.com.ar\/blog\/wp-json\/wp\/v2\/media\/421"}],"wp:attachment":[{"href":"https:\/\/www.ibac.com.ar\/blog\/wp-json\/wp\/v2\/media?parent=420"}],"wp:term":[{"taxonomy":"category","embeddable":true,"href":"https:\/\/www.ibac.com.ar\/blog\/wp-json\/wp\/v2\/categories?post=420"},{"taxonomy":"post_tag","embeddable":true,"href":"https:\/\/www.ibac.com.ar\/blog\/wp-json\/wp\/v2\/tags?post=420"}],"curies":[{"name":"wp","href":"https:\/\/api.w.org\/{rel}","templated":true}]}}